{"id":274,"date":"2025-04-08T18:18:23","date_gmt":"2025-04-08T21:18:23","guid":{"rendered":"https:\/\/www.colettarodrigues.com.br\/?p=274"},"modified":"2025-05-23T18:18:34","modified_gmt":"2025-05-23T21:18:34","slug":"fim-do-perse-e-possivel-manter-o-beneficio-fiscal-na-justica","status":"publish","type":"post","link":"https:\/\/www.colettarodrigues.com.br\/en\/fim-do-perse-e-possivel-manter-o-beneficio-fiscal-na-justica\/","title":{"rendered":"(PT) FIM DO PERSE: \u00c9 poss\u00edvel manter o benef\u00edcio fiscal na Justi\u00e7a?"},"content":{"rendered":"<p class=\"qtranxs-available-languages-message qtranxs-available-languages-message-en\">Sorry, this entry is only available in <a href=\"https:\/\/www.colettarodrigues.com.br\/pb\/wp-json\/wp\/v2\/posts\/274\" class=\"qtranxs-available-language-link qtranxs-available-language-link-pb\" title=\"PT\">PT<\/a>.<\/p>","protected":false},"excerpt":{"rendered":"<p>Sorry, this entry is only available in PT.<\/p>\n","protected":false},"author":1,"featured_media":275,"comment_status":"closed","ping_status":"closed","sticky":false,"template":"","format":"standard","meta":{"_acf_changed":false,"footnotes":""},"categories":[1],"tags":[15],"class_list":["post-274","post","type-post","status-publish","format-standard","has-post-thumbnail","hentry","category-noticias","tag-tributario"],"acf":[],"yoast_head":"<!-- This site is optimized with the Yoast SEO plugin v27.5 - https:\/\/yoast.com\/product\/yoast-seo-wordpress\/ -->\n<title><\/title>\n<meta name=\"robots\" content=\"index, follow, max-snippet:-1, max-image-preview:large, max-video-preview:-1\" \/>\n<link rel=\"canonical\" href=\"https:\/\/www.colettarodrigues.com.br\/fim-do-perse-e-possivel-manter-o-beneficio-fiscal-na-justica\/\" \/>\n<meta property=\"og:locale\" content=\"en_US\" \/>\n<meta property=\"og:type\" content=\"article\" \/>\n<meta property=\"og:title\" content=\"[:pb]FIM DO PERSE: \u00c9 poss\u00edvel manter o benef\u00edcio fiscal na Justi\u00e7a?[:] - Coletta Rodrigues\" \/>\n<meta property=\"og:description\" content=\"Sorry, this entry is only available in PT.\" \/>\n<meta property=\"og:url\" content=\"https:\/\/www.colettarodrigues.com.br\/fim-do-perse-e-possivel-manter-o-beneficio-fiscal-na-justica\/\" \/>\n<meta property=\"og:site_name\" content=\"Coletta Rodrigues\" \/>\n<meta property=\"article:published_time\" content=\"2025-04-08T21:18:23+00:00\" \/>\n<meta property=\"article:modified_time\" content=\"2025-05-23T21:18:34+00:00\" \/>\n<meta property=\"og:image\" content=\"https:\/\/www.colettarodrigues.com.br\/wp-content\/uploads\/2025\/05\/arte_Artboard-1.png\" \/>\n\t<meta property=\"og:image:width\" content=\"1080\" \/>\n\t<meta property=\"og:image:height\" content=\"1350\" \/>\n\t<meta property=\"og:image:type\" content=\"image\/png\" \/>\n<meta name=\"author\" content=\"admin\" \/>\n<meta name=\"twitter:card\" content=\"summary_large_image\" \/>\n<meta name=\"twitter:label1\" content=\"Written by\" \/>\n\t<meta name=\"twitter:data1\" content=\"admin\" \/>\n\t<meta name=\"twitter:label2\" content=\"Est. reading time\" \/>\n\t<meta name=\"twitter:data2\" content=\"1 minute\" \/>\n<script type=\"application\/ld+json\" class=\"yoast-schema-graph\">{\"@context\":\"https:\\\/\\\/schema.org\",\"@graph\":[{\"@type\":\"Article\",\"@id\":\"https:\\\/\\\/www.colettarodrigues.com.br\\\/fim-do-perse-e-possivel-manter-o-beneficio-fiscal-na-justica\\\/#article\",\"isPartOf\":{\"@id\":\"https:\\\/\\\/www.colettarodrigues.com.br\\\/fim-do-perse-e-possivel-manter-o-beneficio-fiscal-na-justica\\\/\"},\"author\":{\"name\":\"admin\",\"@id\":\"https:\\\/\\\/www.colettarodrigues.com.br\\\/#\\\/schema\\\/person\\\/654990de5136aa14a5de79986dd27577\"},\"headline\":\"(PT) FIM DO PERSE: \u00c9 poss\u00edvel manter o benef\u00edcio fiscal na Justi\u00e7a?\",\"datePublished\":\"2025-04-08T21:18:23+00:00\",\"dateModified\":\"2025-05-23T21:18:34+00:00\",\"mainEntityOfPage\":{\"@id\":\"https:\\\/\\\/www.colettarodrigues.com.br\\\/fim-do-perse-e-possivel-manter-o-beneficio-fiscal-na-justica\\\/\"},\"wordCount\":156,\"publisher\":{\"@id\":\"https:\\\/\\\/www.colettarodrigues.com.br\\\/#organization\"},\"image\":{\"@id\":\"https:\\\/\\\/www.colettarodrigues.com.br\\\/fim-do-perse-e-possivel-manter-o-beneficio-fiscal-na-justica\\\/#primaryimage\"},\"thumbnailUrl\":\"https:\\\/\\\/www.colettarodrigues.com.br\\\/wp-content\\\/uploads\\\/2025\\\/05\\\/arte_Artboard-1.png\",\"keywords\":[\"Tax Law\"],\"articleSection\":[\"News\"],\"inLanguage\":\"en-US\"},{\"@type\":\"WebPage\",\"@id\":\"https:\\\/\\\/www.colettarodrigues.com.br\\\/fim-do-perse-e-possivel-manter-o-beneficio-fiscal-na-justica\\\/\",\"url\":\"https:\\\/\\\/www.colettarodrigues.com.br\\\/fim-do-perse-e-possivel-manter-o-beneficio-fiscal-na-justica\\\/\",\"name\":\"[:pb]FIM DO PERSE: \u00c9 poss\u00edvel manter o benef\u00edcio fiscal na Justi\u00e7a?[:] - Coletta Rodrigues\",\"isPartOf\":{\"@id\":\"https:\\\/\\\/www.colettarodrigues.com.br\\\/#website\"},\"primaryImageOfPage\":{\"@id\":\"https:\\\/\\\/www.colettarodrigues.com.br\\\/fim-do-perse-e-possivel-manter-o-beneficio-fiscal-na-justica\\\/#primaryimage\"},\"image\":{\"@id\":\"https:\\\/\\\/www.colettarodrigues.com.br\\\/fim-do-perse-e-possivel-manter-o-beneficio-fiscal-na-justica\\\/#primaryimage\"},\"thumbnailUrl\":\"https:\\\/\\\/www.colettarodrigues.com.br\\\/wp-content\\\/uploads\\\/2025\\\/05\\\/arte_Artboard-1.png\",\"datePublished\":\"2025-04-08T21:18:23+00:00\",\"dateModified\":\"2025-05-23T21:18:34+00:00\",\"breadcrumb\":{\"@id\":\"https:\\\/\\\/www.colettarodrigues.com.br\\\/fim-do-perse-e-possivel-manter-o-beneficio-fiscal-na-justica\\\/#breadcrumb\"},\"inLanguage\":\"en-US\",\"potentialAction\":[{\"@type\":\"ReadAction\",\"target\":[\"https:\\\/\\\/www.colettarodrigues.com.br\\\/fim-do-perse-e-possivel-manter-o-beneficio-fiscal-na-justica\\\/\"]}]},{\"@type\":\"ImageObject\",\"inLanguage\":\"en-US\",\"@id\":\"https:\\\/\\\/www.colettarodrigues.com.br\\\/fim-do-perse-e-possivel-manter-o-beneficio-fiscal-na-justica\\\/#primaryimage\",\"url\":\"https:\\\/\\\/www.colettarodrigues.com.br\\\/wp-content\\\/uploads\\\/2025\\\/05\\\/arte_Artboard-1.png\",\"contentUrl\":\"https:\\\/\\\/www.colettarodrigues.com.br\\\/wp-content\\\/uploads\\\/2025\\\/05\\\/arte_Artboard-1.png\",\"width\":1080,\"height\":1350},{\"@type\":\"BreadcrumbList\",\"@id\":\"https:\\\/\\\/www.colettarodrigues.com.br\\\/fim-do-perse-e-possivel-manter-o-beneficio-fiscal-na-justica\\\/#breadcrumb\",\"itemListElement\":[{\"@type\":\"ListItem\",\"position\":1,\"name\":\"In\u00edcio\",\"item\":\"https:\\\/\\\/www.colettarodrigues.com.br\\\/\"},{\"@type\":\"ListItem\",\"position\":2,\"name\":\"FIM DO PERSE: \u00c9 poss\u00edvel manter o benef\u00edcio fiscal na Justi\u00e7a?\"}]},{\"@type\":\"WebSite\",\"@id\":\"https:\\\/\\\/www.colettarodrigues.com.br\\\/#website\",\"url\":\"https:\\\/\\\/www.colettarodrigues.com.br\\\/\",\"name\":\"Coletta Rodrigues Advogados\",\"description\":\"\",\"publisher\":{\"@id\":\"https:\\\/\\\/www.colettarodrigues.com.br\\\/#organization\"},\"potentialAction\":[{\"@type\":\"SearchAction\",\"target\":{\"@type\":\"EntryPoint\",\"urlTemplate\":\"https:\\\/\\\/www.colettarodrigues.com.br\\\/?s={search_term_string}\"},\"query-input\":{\"@type\":\"PropertyValueSpecification\",\"valueRequired\":true,\"valueName\":\"search_term_string\"}}],\"inLanguage\":\"en-US\"},{\"@type\":\"Organization\",\"@id\":\"https:\\\/\\\/www.colettarodrigues.com.br\\\/#organization\",\"name\":\"Coletta Rodrigues Advogados\",\"url\":\"https:\\\/\\\/www.colettarodrigues.com.br\\\/\",\"logo\":{\"@type\":\"ImageObject\",\"inLanguage\":\"en-US\",\"@id\":\"https:\\\/\\\/www.colettarodrigues.com.br\\\/#\\\/schema\\\/logo\\\/image\\\/\",\"url\":\"https:\\\/\\\/www.colettarodrigues.com.br\\\/wp-content\\\/uploads\\\/2025\\\/05\\\/cropped-favicon.png\",\"contentUrl\":\"https:\\\/\\\/www.colettarodrigues.com.br\\\/wp-content\\\/uploads\\\/2025\\\/05\\\/cropped-favicon.png\",\"width\":512,\"height\":512,\"caption\":\"Coletta Rodrigues Advogados\"},\"image\":{\"@id\":\"https:\\\/\\\/www.colettarodrigues.com.br\\\/#\\\/schema\\\/logo\\\/image\\\/\"}},{\"@type\":\"Person\",\"@id\":\"https:\\\/\\\/www.colettarodrigues.com.br\\\/#\\\/schema\\\/person\\\/654990de5136aa14a5de79986dd27577\",\"name\":\"admin\",\"image\":{\"@type\":\"ImageObject\",\"inLanguage\":\"en-US\",\"@id\":\"https:\\\/\\\/secure.gravatar.com\\\/avatar\\\/c905ba65424bc99d600b3220e8713eaf72b4dd68497ef6722b4375ad88fd5817?s=96&d=mm&r=g\",\"url\":\"https:\\\/\\\/secure.gravatar.com\\\/avatar\\\/c905ba65424bc99d600b3220e8713eaf72b4dd68497ef6722b4375ad88fd5817?s=96&d=mm&r=g\",\"contentUrl\":\"https:\\\/\\\/secure.gravatar.com\\\/avatar\\\/c905ba65424bc99d600b3220e8713eaf72b4dd68497ef6722b4375ad88fd5817?s=96&d=mm&r=g\",\"caption\":\"admin\"},\"sameAs\":[\"https:\\\/\\\/www.colettarodrigues.com.br\"],\"url\":\"https:\\\/\\\/www.colettarodrigues.com.br\\\/en\\\/author\\\/admin\\\/\"}]}<\/script>\n<!-- \/ Yoast SEO plugin. -->","yoast_head_json":{"title":"[:pb]FIM DO PERSE: \u00c9 poss\u00edvel manter o benef\u00edcio fiscal na Justi\u00e7a?[:] - Coletta Rodrigues","robots":{"index":"index","follow":"follow","max-snippet":"max-snippet:-1","max-image-preview":"max-image-preview:large","max-video-preview":"max-video-preview:-1"},"canonical":"https:\/\/www.colettarodrigues.com.br\/fim-do-perse-e-possivel-manter-o-beneficio-fiscal-na-justica\/","og_locale":"en_US","og_type":"article","og_title":"[:pb]FIM DO PERSE: \u00c9 poss\u00edvel manter o benef\u00edcio fiscal na Justi\u00e7a?[:] - Coletta Rodrigues","og_description":"Sorry, this entry is only available in PT.","og_url":"https:\/\/www.colettarodrigues.com.br\/fim-do-perse-e-possivel-manter-o-beneficio-fiscal-na-justica\/","og_site_name":"Coletta Rodrigues","article_published_time":"2025-04-08T21:18:23+00:00","article_modified_time":"2025-05-23T21:18:34+00:00","og_image":[{"width":1080,"height":1350,"url":"https:\/\/www.colettarodrigues.com.br\/wp-content\/uploads\/2025\/05\/arte_Artboard-1.png","type":"image\/png"}],"author":"admin","twitter_card":"summary_large_image","twitter_misc":{"Written by":"admin","Est. reading time":"1 minute"},"schema":{"@context":"https:\/\/schema.org","@graph":[{"@type":"Article","@id":"https:\/\/www.colettarodrigues.com.br\/fim-do-perse-e-possivel-manter-o-beneficio-fiscal-na-justica\/#article","isPartOf":{"@id":"https:\/\/www.colettarodrigues.com.br\/fim-do-perse-e-possivel-manter-o-beneficio-fiscal-na-justica\/"},"author":{"name":"admin","@id":"https:\/\/www.colettarodrigues.com.br\/#\/schema\/person\/654990de5136aa14a5de79986dd27577"},"headline":"(PT) FIM DO PERSE: \u00c9 poss\u00edvel manter o benef\u00edcio fiscal na Justi\u00e7a?","datePublished":"2025-04-08T21:18:23+00:00","dateModified":"2025-05-23T21:18:34+00:00","mainEntityOfPage":{"@id":"https:\/\/www.colettarodrigues.com.br\/fim-do-perse-e-possivel-manter-o-beneficio-fiscal-na-justica\/"},"wordCount":156,"publisher":{"@id":"https:\/\/www.colettarodrigues.com.br\/#organization"},"image":{"@id":"https:\/\/www.colettarodrigues.com.br\/fim-do-perse-e-possivel-manter-o-beneficio-fiscal-na-justica\/#primaryimage"},"thumbnailUrl":"https:\/\/www.colettarodrigues.com.br\/wp-content\/uploads\/2025\/05\/arte_Artboard-1.png","keywords":["Tax Law"],"articleSection":["News"],"inLanguage":"en-US"},{"@type":"WebPage","@id":"https:\/\/www.colettarodrigues.com.br\/fim-do-perse-e-possivel-manter-o-beneficio-fiscal-na-justica\/","url":"https:\/\/www.colettarodrigues.com.br\/fim-do-perse-e-possivel-manter-o-beneficio-fiscal-na-justica\/","name":"[:pb]FIM DO PERSE: \u00c9 poss\u00edvel manter o benef\u00edcio fiscal na Justi\u00e7a?[:] - Coletta Rodrigues","isPartOf":{"@id":"https:\/\/www.colettarodrigues.com.br\/#website"},"primaryImageOfPage":{"@id":"https:\/\/www.colettarodrigues.com.br\/fim-do-perse-e-possivel-manter-o-beneficio-fiscal-na-justica\/#primaryimage"},"image":{"@id":"https:\/\/www.colettarodrigues.com.br\/fim-do-perse-e-possivel-manter-o-beneficio-fiscal-na-justica\/#primaryimage"},"thumbnailUrl":"https:\/\/www.colettarodrigues.com.br\/wp-content\/uploads\/2025\/05\/arte_Artboard-1.png","datePublished":"2025-04-08T21:18:23+00:00","dateModified":"2025-05-23T21:18:34+00:00","breadcrumb":{"@id":"https:\/\/www.colettarodrigues.com.br\/fim-do-perse-e-possivel-manter-o-beneficio-fiscal-na-justica\/#breadcrumb"},"inLanguage":"en-US","potentialAction":[{"@type":"ReadAction","target":["https:\/\/www.colettarodrigues.com.br\/fim-do-perse-e-possivel-manter-o-beneficio-fiscal-na-justica\/"]}]},{"@type":"ImageObject","inLanguage":"en-US","@id":"https:\/\/www.colettarodrigues.com.br\/fim-do-perse-e-possivel-manter-o-beneficio-fiscal-na-justica\/#primaryimage","url":"https:\/\/www.colettarodrigues.com.br\/wp-content\/uploads\/2025\/05\/arte_Artboard-1.png","contentUrl":"https:\/\/www.colettarodrigues.com.br\/wp-content\/uploads\/2025\/05\/arte_Artboard-1.png","width":1080,"height":1350},{"@type":"BreadcrumbList","@id":"https:\/\/www.colettarodrigues.com.br\/fim-do-perse-e-possivel-manter-o-beneficio-fiscal-na-justica\/#breadcrumb","itemListElement":[{"@type":"ListItem","position":1,"name":"In\u00edcio","item":"https:\/\/www.colettarodrigues.com.br\/"},{"@type":"ListItem","position":2,"name":"FIM DO PERSE: \u00c9 poss\u00edvel manter o benef\u00edcio fiscal na Justi\u00e7a?"}]},{"@type":"WebSite","@id":"https:\/\/www.colettarodrigues.com.br\/#website","url":"https:\/\/www.colettarodrigues.com.br\/","name":"Coletta Rodrigues Advogados","description":"","publisher":{"@id":"https:\/\/www.colettarodrigues.com.br\/#organization"},"potentialAction":[{"@type":"SearchAction","target":{"@type":"EntryPoint","urlTemplate":"https:\/\/www.colettarodrigues.com.br\/?s={search_term_string}"},"query-input":{"@type":"PropertyValueSpecification","valueRequired":true,"valueName":"search_term_string"}}],"inLanguage":"en-US"},{"@type":"Organization","@id":"https:\/\/www.colettarodrigues.com.br\/#organization","name":"Coletta Rodrigues Advogados","url":"https:\/\/www.colettarodrigues.com.br\/","logo":{"@type":"ImageObject","inLanguage":"en-US","@id":"https:\/\/www.colettarodrigues.com.br\/#\/schema\/logo\/image\/","url":"https:\/\/www.colettarodrigues.com.br\/wp-content\/uploads\/2025\/05\/cropped-favicon.png","contentUrl":"https:\/\/www.colettarodrigues.com.br\/wp-content\/uploads\/2025\/05\/cropped-favicon.png","width":512,"height":512,"caption":"Coletta Rodrigues Advogados"},"image":{"@id":"https:\/\/www.colettarodrigues.com.br\/#\/schema\/logo\/image\/"}},{"@type":"Person","@id":"https:\/\/www.colettarodrigues.com.br\/#\/schema\/person\/654990de5136aa14a5de79986dd27577","name":"admin","image":{"@type":"ImageObject","inLanguage":"en-US","@id":"https:\/\/secure.gravatar.com\/avatar\/c905ba65424bc99d600b3220e8713eaf72b4dd68497ef6722b4375ad88fd5817?s=96&d=mm&r=g","url":"https:\/\/secure.gravatar.com\/avatar\/c905ba65424bc99d600b3220e8713eaf72b4dd68497ef6722b4375ad88fd5817?s=96&d=mm&r=g","contentUrl":"https:\/\/secure.gravatar.com\/avatar\/c905ba65424bc99d600b3220e8713eaf72b4dd68497ef6722b4375ad88fd5817?s=96&d=mm&r=g","caption":"admin"},"sameAs":["https:\/\/www.colettarodrigues.com.br"],"url":"https:\/\/www.colettarodrigues.com.br\/en\/author\/admin\/"}]}},"_links":{"self":[{"href":"https:\/\/www.colettarodrigues.com.br\/en\/wp-json\/wp\/v2\/posts\/274","targetHints":{"allow":["GET"]}}],"collection":[{"href":"https:\/\/www.colettarodrigues.com.br\/en\/wp-json\/wp\/v2\/posts"}],"about":[{"href":"https:\/\/www.colettarodrigues.com.br\/en\/wp-json\/wp\/v2\/types\/post"}],"author":[{"embeddable":true,"href":"https:\/\/www.colettarodrigues.com.br\/en\/wp-json\/wp\/v2\/users\/1"}],"replies":[{"embeddable":true,"href":"https:\/\/www.colettarodrigues.com.br\/en\/wp-json\/wp\/v2\/comments?post=274"}],"version-history":[{"count":0,"href":"https:\/\/www.colettarodrigues.com.br\/en\/wp-json\/wp\/v2\/posts\/274\/revisions"}],"wp:featuredmedia":[{"embeddable":true,"href":"https:\/\/www.colettarodrigues.com.br\/en\/wp-json\/wp\/v2\/media\/275"}],"wp:attachment":[{"href":"https:\/\/www.colettarodrigues.com.br\/en\/wp-json\/wp\/v2\/media?parent=274"}],"wp:term":[{"taxonomy":"category","embeddable":true,"href":"https:\/\/www.colettarodrigues.com.br\/en\/wp-json\/wp\/v2\/categories?post=274"},{"taxonomy":"post_tag","embeddable":true,"href":"https:\/\/www.colettarodrigues.com.br\/en\/wp-json\/wp\/v2\/tags?post=274"}],"curies":[{"name":"wp","href":"https:\/\/api.w.org\/{rel}","templated":true}]}}